{"id":2708,"date":"2019-06-14T13:00:05","date_gmt":"2019-06-14T11:00:05","guid":{"rendered":"http:\/\/bordoband.cz\/?p=2708"},"modified":"2019-06-14T13:36:59","modified_gmt":"2019-06-14T11:36:59","slug":"soutez-s-petrou-fridlovou","status":"publish","type":"post","link":"https:\/\/bordoband.cz\/index.php\/2019\/06\/14\/soutez-s-petrou-fridlovou\/","title":{"rendered":"Sout\u011b\u017e s Petrou Friedlovou"},"content":{"rendered":"<p>Petra Friedlov\u00e1, p\u0159\u00edtelkyn\u011b Martina Pouvy, se vd\u00e1vala! Jste zv\u011bdav\u00ed jak to cel\u00e9 bylo a koho, \u017ee si to vlastn\u011b vzala? P\u0159e\u010dt\u011bte si \u010dl\u00e1nek v <a href=\"https:\/\/www.ahaonline.cz\/clanek\/zhave-drby\/160353\/pritelkyne-martina-pouvy-petra-konecne-se-dockala-svatby.html\">AHA!<\/a> zhl\u00e9dn\u011bte klip na <a href=\"https:\/\/www.youtube.com\/watch?v=VaiKK1ana4o\">Youtube<\/a> a zasout\u011b\u017ete si s Petrou o zaj\u00edmav\u00e9 ceny.<\/p>\n<p><a href=\"https:\/\/www.ahaonline.cz\/clanek\/zhave-drby\/160353\/pritelkyne-martina-pouvy-petra-konecne-se-dockala-svatby.html\"><img fetchpriority=\"high\" decoding=\"async\" class=\"alignnone size-medium wp-image-2709\" src=\"https:\/\/bordoband.cz\/wp-content\/uploads\/2019\/06\/AHA-297x300.jpg\" alt=\"\" width=\"297\" height=\"300\" srcset=\"https:\/\/bordoband.cz\/wp-content\/uploads\/2019\/06\/AHA-297x300.jpg 297w, https:\/\/bordoband.cz\/wp-content\/uploads\/2019\/06\/AHA.jpg 467w\" sizes=\"(max-width: 297px) 100vw, 297px\" \/><\/a><\/p>\n<p>U\u017e jste p\u0159e\u010detli \u010dl\u00e1nek v <a href=\"https:\/\/www.ahaonline.cz\/clanek\/zhave-drby\/160353\/pritelkyne-martina-pouvy-petra-konecne-se-dockala-svatby.html\">AHA!<\/a> a zhl\u00e9dli klip &#8222;OTISKY na <a href=\"https:\/\/www.youtube.com\/watch?v=VaiKK1ana4o\">Youtube<\/a>.\u00a0 , tak u\u017e jist\u011b budete zn\u00e1t odpov\u011b\u010f na Petry sout\u011b\u017en\u00ed ot\u00e1zku, kterou se dozv\u00edte v jej\u00edm p\u0159\u00edsp\u011bvku na Facebooku <a href=\"https:\/\/www.facebook.com\/petra.friedlova.50?__tn__=CH-R&amp;eid=ARDY_fahSZkMqEyg8bcUrBN3O6-ROZs_k54IT-gs5Webrm4Yl4llaqYQn6rE-lBCSxvzNt737pB4BLIk&amp;hc_ref=ARRY3ZcVclxo8nzCWJ39ozLkRHfQxCheTd_gfNb-nSO-c6X05U4G7gPb3jpycBKVsFI&amp;fref=nf&amp;__xts__[0]=68.ARBiCv6ZwUHuAGqUdErNIJVWUMRneopysFObuMohd-LtsNDEYFE6wyP_rz9N43_bH2pHHLigEbHjLqUneNjr3Bes6uEpOZwgpTOV0vvNSPie_Sl3ELgS0KUtFm0TmWfCLbsjYQIpFu7Wf6RhBB-P5XkqXZG_eEwSoRzE5XxLX8Kee2HOdNf8L3VTlW1Ph7xvy4gGyx_w_EDxpA_A5TNyAj2bJitjDkUAh62fRjIMjCKPJbb0riCZ6x1OSM2J4bQX5-9WErtxjA5gUNfhNbrsGV3TqdTW-4V8aIGbgS7LUkxfxP232yXQYOBrqASAeSxYqD5HjFRCZf4jjrW1IQ9T4a1vhA\">Petra Friedlov\u00e1<\/a>.<\/p>\n<p>Televizn\u00ed noviny NOVA &#8211; <a href=\"https:\/\/televizninoviny.nova.cz\/clanek\/novinky\/martin-pouva-pokrtil-novy-videoklip-nevestu-si-zahrala-jeho-pritelkyne-koho-si-nakonec-vzala.html?ref=nova&amp;fbclid=IwAR1WhSlvX-vUqL0Tx4EUCWEPn6m0zZCBbE9EtPnJD-04CtVLkvg1loOdAoA\">VIDEO: Martin Pouva pok\u0159til nov\u00fd videoklip. Nev\u011bstu si zahr\u00e1la jeho p\u0159\u00edtelkyn\u011b!<\/a><\/p>\n<p><a href=\"https:\/\/televizninoviny.nova.cz\/clanek\/novinky\/martin-pouva-pokrtil-novy-videoklip-nevestu-si-zahrala-jeho-pritelkyne-koho-si-nakonec-vzala.html?ref=nova\"><img decoding=\"async\" class=\"alignnone size-medium wp-image-2710\" src=\"https:\/\/bordoband.cz\/wp-content\/uploads\/2019\/06\/NOVA-300x288.jpg\" alt=\"\" width=\"300\" height=\"288\" srcset=\"https:\/\/bordoband.cz\/wp-content\/uploads\/2019\/06\/NOVA-300x288.jpg 300w, https:\/\/bordoband.cz\/wp-content\/uploads\/2019\/06\/NOVA-768x738.jpg 768w, https:\/\/bordoband.cz\/wp-content\/uploads\/2019\/06\/NOVA.jpg 926w\" sizes=\"(max-width: 300px) 100vw, 300px\" \/><\/a><\/p>\n<p><a href=\"https:\/\/www.facebook.com\/petra.friedlova.50?__tn__=CH-R&amp;eid=ARDY_fahSZkMqEyg8bcUrBN3O6-ROZs_k54IT-gs5Webrm4Yl4llaqYQn6rE-lBCSxvzNt737pB4BLIk&amp;hc_ref=ARRY3ZcVclxo8nzCWJ39ozLkRHfQxCheTd_gfNb-nSO-c6X05U4G7gPb3jpycBKVsFI&amp;fref=nf&amp;__xts__[0]=68.ARBiCv6ZwUHuAGqUdErNIJVWUMRneopysFObuMohd-LtsNDEYFE6wyP_rz9N43_bH2pHHLigEbHjLqUneNjr3Bes6uEpOZwgpTOV0vvNSPie_Sl3ELgS0KUtFm0TmWfCLbsjYQIpFu7Wf6RhBB-P5XkqXZG_eEwSoRzE5XxLX8Kee2HOdNf8L3VTlW1Ph7xvy4gGyx_w_EDxpA_A5TNyAj2bJitjDkUAh62fRjIMjCKPJbb0riCZ6x1OSM2J4bQX5-9WErtxjA5gUNfhNbrsGV3TqdTW-4V8aIGbgS7LUkxfxP232yXQYOBrqASAeSxYqD5HjFRCZf4jjrW1IQ9T4a1vhA\">Petra Friedlov\u00e1<\/a><\/p>\n<p>Ano u\u017e p\u00e1r dni je na sv\u011bt\u011b nov\u00fd videoklip Roudnick\u00e9 kapely BORDO s n\u00e1zvem OTISKY.<br \/>\nKdo je\u0161t\u011b nevid\u011b<span class=\"text_exposed_show\">l tak mrkn\u011bte na YouTube<span class=\"_5mfr\"><span class=\"_6qdm\">\u263a<\/span><\/span> za ka\u017ed\u00fd like a sd\u00edlen\u00ed <span class=\"_5mfr\"><span class=\"_6qdm\">\ud83d\ude4f<\/span><\/span>budeme moc r\u00e1di a p\u0159edem d\u011bkujeme<span class=\"_5mfr\"><span class=\"_6qdm\">\u2764<\/span><\/span> bude prob\u00edhat sout\u011b\u017e o kr\u00e1sn\u00e9 ceny do kter\u00e9 se m\u016f\u017ee zapojit ka\u017ed\u00fd z v\u00e1s <span class=\"_5mfr\"><span class=\"_6qdm\">\ud83d\ude0d<\/span><\/span> sta\u010d\u00ed sd\u00edlet videoklip na va\u0161i ze\u010f a zodpov\u011bd\u011bt sout\u011b\u017en\u00ed ot\u00e1zku kter\u00e1 je velmi jednoduch\u00e1<span class=\"_5mfr\"><span class=\"_6qdm\">\ud83d\ude00<\/span><\/span>Kdo si ve videoklipu zahr\u00e1l m\u00e9ho man\u017eela? Va\u0161e odpov\u011bdi pi\u0161te<br \/>\npod p\u0159\u00edsp\u011bvek. 3 \u0161\u0165astn\u00e9 v\u00fdherce ze v\u0161ech spr\u00e1vn\u00fdch odpov\u011bd\u00ed vylosujeme live 30.06. Hodn\u011b \u0161t\u011bst\u00ed <span class=\"_5mfr\"><span class=\"_6qdm\">\ud83c\udf40<\/span><\/span>m\u011bjte kr\u00e1sn\u00e9 dny moji <span class=\"_5mfr\"><span class=\"_6qdm\">\ud83d\ude0d<\/span><\/span><\/span><\/p>\n","protected":false},"excerpt":{"rendered":"<p>Petra Friedlov\u00e1, p\u0159\u00edtelkyn\u011b Martina Pouvy, se vd\u00e1vala! Jste zv\u011bdav\u00ed jak to cel\u00e9 bylo a koho, \u017ee si to vlastn\u011b vzala? P\u0159e\u010dt\u011bte si \u010dl\u00e1nek v AHA! zhl\u00e9dn\u011bte klip na Youtube a<a href=\"https:\/\/bordoband.cz\/index.php\/2019\/06\/14\/soutez-s-petrou-fridlovou\/\" class=\"more-link\"><span class=\"readmore\">Pokra\u010dovat ve \u010dten\u00ed&#8230;<span class=\"screen-reader-text\">Sout\u011b\u017e s Petrou Friedlovou<\/span><\/span><\/a><\/p>\n","protected":false},"author":2,"featured_media":0,"comment_status":"closed","ping_status":"open","sticky":false,"template":"","format":"standard","meta":{"footnotes":""},"categories":[9],"tags":[],"class_list":["post-2708","post","type-post","status-publish","format-standard","hentry","category-novinky"],"_links":{"self":[{"href":"https:\/\/bordoband.cz\/index.php\/wp-json\/wp\/v2\/posts\/2708","targetHints":{"allow":["GET"]}}],"collection":[{"href":"https:\/\/bordoband.cz\/index.php\/wp-json\/wp\/v2\/posts"}],"about":[{"href":"https:\/\/bordoband.cz\/index.php\/wp-json\/wp\/v2\/types\/post"}],"author":[{"embeddable":true,"href":"https:\/\/bordoband.cz\/index.php\/wp-json\/wp\/v2\/users\/2"}],"replies":[{"embeddable":true,"href":"https:\/\/bordoband.cz\/index.php\/wp-json\/wp\/v2\/comments?post=2708"}],"version-history":[{"count":7,"href":"https:\/\/bordoband.cz\/index.php\/wp-json\/wp\/v2\/posts\/2708\/revisions"}],"predecessor-version":[{"id":2718,"href":"https:\/\/bordoband.cz\/index.php\/wp-json\/wp\/v2\/posts\/2708\/revisions\/2718"}],"wp:attachment":[{"href":"https:\/\/bordoband.cz\/index.php\/wp-json\/wp\/v2\/media?parent=2708"}],"wp:term":[{"taxonomy":"category","embeddable":true,"href":"https:\/\/bordoband.cz\/index.php\/wp-json\/wp\/v2\/categories?post=2708"},{"taxonomy":"post_tag","embeddable":true,"href":"https:\/\/bordoband.cz\/index.php\/wp-json\/wp\/v2\/tags?post=2708"}],"curies":[{"name":"wp","href":"https:\/\/api.w.org\/{rel}","templated":true}]}}