{"id":2401,"date":"2019-05-22T11:48:17","date_gmt":"2019-05-22T09:48:17","guid":{"rendered":"http:\/\/bordoband.cz\/?p=2401"},"modified":"2019-05-22T11:49:31","modified_gmt":"2019-05-22T09:49:31","slug":"novy-clen-kapely","status":"publish","type":"post","link":"https:\/\/bordoband.cz\/index.php\/2019\/05\/22\/novy-clen-kapely\/","title":{"rendered":"Nov\u00fd \u010dlen kapely"},"content":{"rendered":"<p style=\"text-align: left;\"><span style=\"color: #999999;\"><img decoding=\"async\" class=\"alignleft wp-image-1455\" src=\"https:\/\/bordoband.cz\/wp-content\/uploads\/2019\/05\/Ivan-Medved-Bulicka-200x300.jpg\" alt=\"\" width=\"242\" height=\"182\" \/><\/span><\/p>\n<p style=\"text-align: left;\"><span style=\"color: #999999;\">Od v\u010derej\u0161ka je ofici\u00e1ln\u011b nov\u00fdm baskytaristou kapely Bordo mistr Ivan &#8222;Medv\u011bd&#8220; Buli\u010dka.<br \/>Na sobotn\u00edm koncertu 25.5. 2019 18:00 hod. DOB\u0158\u00cd\u0147SK\u00c9 PLA\u0160EN\u00cd KOM\u00c1R\u016e symbolicky p\u0159evezme t\u00edhu odpov\u011bdnosti od Mluvky Majer\u010d\u00edka, kter\u00e9mu d\u011bkujeme za dobrou spolupr\u00e1ci a p\u0159ejeme hodn\u011b \u0161t\u011bst\u00ed.<\/span><\/p>\n\n\n<p><\/p>\n","protected":false},"excerpt":{"rendered":"<p>Od v\u010derej\u0161ka je ofici\u00e1ln\u011b nov\u00fdm baskytaristou kapely Bordo mistr Ivan &#8222;Medv\u011bd&#8220; Buli\u010dka.Na sobotn\u00edm koncertu 25.5. 2019 18:00 hod. DOB\u0158\u00cd\u0147SK\u00c9 PLA\u0160EN\u00cd KOM\u00c1R\u016e symbolicky p\u0159evezme t\u00edhu odpov\u011bdnosti od Mluvky Majer\u010d\u00edka, kter\u00e9mu d\u011bkujeme<a href=\"https:\/\/bordoband.cz\/index.php\/2019\/05\/22\/novy-clen-kapely\/\" class=\"more-link\"><span class=\"readmore\">Pokra\u010dovat ve \u010dten\u00ed&#8230;<span class=\"screen-reader-text\">Nov\u00fd \u010dlen kapely<\/span><\/span><\/a><\/p>\n","protected":false},"author":2,"featured_media":0,"comment_status":"closed","ping_status":"open","sticky":false,"template":"","format":"standard","meta":{"footnotes":""},"categories":[9],"tags":[],"class_list":["post-2401","post","type-post","status-publish","format-standard","hentry","category-novinky"],"_links":{"self":[{"href":"https:\/\/bordoband.cz\/index.php\/wp-json\/wp\/v2\/posts\/2401","targetHints":{"allow":["GET"]}}],"collection":[{"href":"https:\/\/bordoband.cz\/index.php\/wp-json\/wp\/v2\/posts"}],"about":[{"href":"https:\/\/bordoband.cz\/index.php\/wp-json\/wp\/v2\/types\/post"}],"author":[{"embeddable":true,"href":"https:\/\/bordoband.cz\/index.php\/wp-json\/wp\/v2\/users\/2"}],"replies":[{"embeddable":true,"href":"https:\/\/bordoband.cz\/index.php\/wp-json\/wp\/v2\/comments?post=2401"}],"version-history":[{"count":2,"href":"https:\/\/bordoband.cz\/index.php\/wp-json\/wp\/v2\/posts\/2401\/revisions"}],"predecessor-version":[{"id":2403,"href":"https:\/\/bordoband.cz\/index.php\/wp-json\/wp\/v2\/posts\/2401\/revisions\/2403"}],"wp:attachment":[{"href":"https:\/\/bordoband.cz\/index.php\/wp-json\/wp\/v2\/media?parent=2401"}],"wp:term":[{"taxonomy":"category","embeddable":true,"href":"https:\/\/bordoband.cz\/index.php\/wp-json\/wp\/v2\/categories?post=2401"},{"taxonomy":"post_tag","embeddable":true,"href":"https:\/\/bordoband.cz\/index.php\/wp-json\/wp\/v2\/tags?post=2401"}],"curies":[{"name":"wp","href":"https:\/\/api.w.org\/{rel}","templated":true}]}}